{"id":4755,"date":"2016-02-05T13:31:08","date_gmt":"2016-02-05T12:31:08","guid":{"rendered":"https:\/\/bitte.kaufen\/magazin\/?p=4755"},"modified":"2026-03-19T09:48:58","modified_gmt":"2026-03-19T08:48:58","slug":"das-ist-das-schoenste-alter","status":"publish","type":"post","link":"https:\/\/bitte.kaufen\/magazin\/das-ist-das-schoenste-alter\/","title":{"rendered":"Babyzeit, Kleinkindzeit oder Schulkind \u2013 welches Kinderalter ist das sch\u00f6nste?"},"content":{"rendered":"\n<p>Tats\u00e4chlich erwische ich mich sehr oft beim Sagen dieses Satzes: \"Das ist das sch\u00f6nste Alter!\". Doch kann man das \u00fcberhaupt benennen? Gerade in der Kleinkindzeit entdeckt man immer mehr neue F\u00e4higkeiten des Nachwuchses. <\/p>\n\n\n\n<p>Das Kind krabbelt, irgendwann l\u00e4uft es und wirklich: es kommt der Tag, an dem es nicht mehr mit dem Sprechen aufh\u00f6rt. Doch was ist sch\u00f6ner: die Babyzeit, Kleinkindzeit oder das Schulalter? Auslegungssache.<\/p>\n\n\n\n<!--more-->\n\n\n\n<p class=\"has-text-align-center\"><em>Dieser Beitrag enth\u00e4lt Werbelinks, die ich mit einem * markiere. Dadurch bekomme ich eine kleine Provision, du zahlst beim Kauf des Produktes nichts extra! \ud83d\ude42<\/em><\/p>\n\n\n\n<h2 class=\"wp-block-heading\" id=\"h-die-babyzeit-ist-am-sch-nsten\">Die Babyzeit ist am sch\u00f6nsten<\/h2>\n\n\n\n<p>Ich genoss die Elternzeit: ich, anfangs begleitet vom Mann, alleine mit dem Neugeborenen, um das ich mich pl\u00f6tzlich&nbsp;k\u00fcmmern sollte. Ich stillte, spielte mit ihm, wechselte die Windeln und freute mich \u00fcber das erste L\u00e4cheln, das mit galt. <\/p><div id=\"mamas-2546462863\" class=\"mamas-inhalt mamas-entity-placement\" style=\"margin-top: 60px;margin-right: 10px;margin-bottom: 60px;margin-left: 10px;\"><h3 class=\"p1\">Du m\u00f6chtest einfach W\u00fcnsche teilen?<\/h3>\n<p class=\"p1\">Dann hole dir unsere <a title=\"kostenlose Wunschzettel-App bitte.kaufen\" href=\"https:\/\/bitte.kaufen\/?utm_source=magazin&amp;utm_medium=banner&amp;utm_campaign=blog-advanced-ads-insert\" target=\"_blank\" rel=\"noopener\">gratis Wunschlisten-App bitte.kaufen<\/a> (\u2b05\ufe0f Wunschliste anlegen)<\/p>\n<p><a href=\"https:\/\/bitte.kaufen\/?utm_source=magazin&amp;utm_medium=banner&amp;utm_campaign=blog-advanced-ads-insert\" target=\"_blank\" rel=\"noopener\"><br \/>\n  <img decoding=\"async\" width=\"1227\" height=\"705\" \n    class=\"alignnone wp-image-30720 size-full\" \n    src=\"https:\/\/bitte.kaufen\/magazin\/wp-content\/uploads\/2025\/04\/bitte-kaufen-app-kostenlos.png\" \n    alt=\"bitte.kaufen - Wunschliste erstellen\"\n    style=\"width: 100%; height: auto; max-width: 100%;\" srcset=\"https:\/\/bitte.kaufen\/magazin\/wp-content\/uploads\/2025\/04\/bitte-kaufen-app-kostenlos.png 1227w, https:\/\/bitte.kaufen\/magazin\/wp-content\/uploads\/2025\/04\/bitte-kaufen-app-kostenlos-300x172.png 300w, https:\/\/bitte.kaufen\/magazin\/wp-content\/uploads\/2025\/04\/bitte-kaufen-app-kostenlos-1200x689.png 1200w\" sizes=\"(max-width: 1227px) 100vw, 1227px\" \/><br \/>\n<\/a><\/p>\n<\/div>\n\n\n\n<p>Auch die ersten brabbelnden Laute erweichten mein Herz, das meine Kinder schon am Tag der Geburt erobert hatten. <\/p>\n\n\n\n<p>Es war spannend zuzusehen, wie beide S\u00f6hne fr\u00fch den Kopf hoben, um die sechs Monate krabbelten und sa\u00dfen, um sich dann doch Zeit zu lassen, um zu laufen. <\/p>\n\n\n\n<figure class=\"wp-block-image size-large\"><img decoding=\"async\" width=\"800\" height=\"787\" src=\"https:\/\/bitte.kaufen\/magazin\/wp-content\/uploads\/2018\/01\/katze-baby-vertragen-mamaskind-800x787.jpg\" alt=\"Baby-Katze kuschelt mit Baby-M\u00e4dchen. Selbstverst\u00e4ndlich. | Mehr Infos zu unserem Familienleben mit Katze und drei Kindern auf Mamaskind.de\" class=\"wp-image-11423\" srcset=\"https:\/\/bitte.kaufen\/magazin\/wp-content\/uploads\/2018\/01\/katze-baby-vertragen-mamaskind.jpg 800w, https:\/\/bitte.kaufen\/magazin\/wp-content\/uploads\/2018\/01\/katze-baby-vertragen-mamaskind-300x295.jpg 300w, https:\/\/bitte.kaufen\/magazin\/wp-content\/uploads\/2018\/01\/katze-baby-vertragen-mamaskind-700x689.jpg 700w\" sizes=\"(max-width: 800px) 100vw, 800px\" \/><figcaption class=\"wp-element-caption\">Baby-Katze kuschelt Baby.<\/figcaption><\/figure>\n\n\n\n<p><strong>Das Sch\u00f6ne an der Zeit sind die vielen kleinen und gro\u00dfen Entwicklungsschritte.<\/strong> Ich war dabei! Besonders der kleine Sohn, mit dem ich viel mehr Zeit verbrachte, als mit dem gro\u00dfen, ist auf mich fokussiert. <\/p><div id=\"mamas-3978641521\" class=\"mamas-nach-5-absatz-mottoparty mamas-entity-placement\"><h3> Mottoparty-Vorlagen downloaden (0 \u20ac)<\/h3>\r\n<p>\r\n\tDu m\u00f6chtest f\u00fcr den Kindergeburtstag Konfetti und Deko selbst machen? Trage dich hier ein und lass dir die Vorlagen per E-Mail zusenden. \r\n<\/p>\r\n<!-- Begin Brevo Form -->\r\n<!-- START - We recommend to place the below code in head tag of your website html  -->\r\n<style>\r\n  @font-face {\r\n    font-display: block;\r\n    font-family: Roboto;\r\n    src: url(https:\/\/assets.brevo.com\/font\/Roboto\/Latin\/normal\/normal\/7529907e9eaf8ebb5220c5f9850e3811.woff2) format(\"woff2\"), url(https:\/\/assets.brevo.com\/font\/Roboto\/Latin\/normal\/normal\/25c678feafdc175a70922a116c9be3e7.woff) format(\"woff\")\r\n  }\r\n\r\n  @font-face {\r\n    font-display: fallback;\r\n    font-family: Roboto;\r\n    font-weight: 600;\r\n    src: url(https:\/\/assets.brevo.com\/font\/Roboto\/Latin\/medium\/normal\/6e9caeeafb1f3491be3e32744bc30440.woff2) format(\"woff2\"), url(https:\/\/assets.brevo.com\/font\/Roboto\/Latin\/medium\/normal\/71501f0d8d5aa95960f6475d5487d4c2.woff) format(\"woff\")\r\n  }\r\n\r\n  @font-face {\r\n    font-display: fallback;\r\n    font-family: Roboto;\r\n    font-weight: 700;\r\n    src: url(https:\/\/assets.brevo.com\/font\/Roboto\/Latin\/bold\/normal\/3ef7cf158f310cf752d5ad08cd0e7e60.woff2) format(\"woff2\"), url(https:\/\/assets.brevo.com\/font\/Roboto\/Latin\/bold\/normal\/ece3a1d82f18b60bcce0211725c476aa.woff) format(\"woff\")\r\n  }\r\n\r\n  #sib-container input:-ms-input-placeholder {\r\n    text-align: left;\r\n    font-family: Helvetica, sans-serif;\r\n    color: #c0ccda;\r\n  }\r\n\r\n  #sib-container input::placeholder {\r\n    text-align: left;\r\n    font-family: Helvetica, sans-serif;\r\n    color: #c0ccda;\r\n  }\r\n\r\n  #sib-container textarea::placeholder {\r\n    text-align: left;\r\n    font-family: Helvetica, sans-serif;\r\n    color: #c0ccda;\r\n  }\r\n\r\n  #sib-container a {\r\n    text-decoration: underline;\r\n    color: #2BB2FC;\r\n  }\r\n<\/style>\r\n<link rel=\"stylesheet\" href=\"https:\/\/sibforms.com\/forms\/end-form\/build\/sib-styles.css\">\r\n<!--  END - We recommend to place the above code in head tag of your website html -->\r\n\r\n<!-- START - We recommend to place the below code where you want the form in your website html  -->\r\n<div class=\"sib-form\" style=\"text-align: center;\r\n         background-color: #ffffff;                                 \">\r\n  <div id=\"sib-form-container\" class=\"sib-form-container\">\r\n    <div id=\"error-message\" class=\"sib-form-message-panel\" style=\"font-size:16px; text-align:left; font-family:Helvetica, sans-serif; color:#661d1d; background-color:#ffeded; border-radius:3px; border-color:#ff4949;max-width:540px;\">\r\n      <div class=\"sib-form-message-panel__text sib-form-message-panel__text--center\">\r\n        <svg viewBox=\"0 0 512 512\" class=\"sib-icon sib-notification__icon\">\r\n          <path d=\"M256 40c118.621 0 216 96.075 216 216 0 119.291-96.61 216-216 216-119.244 0-216-96.562-216-216 0-119.203 96.602-216 216-216m0-32C119.043 8 8 119.083 8 256c0 136.997 111.043 248 248 248s248-111.003 248-248C504 119.083 392.957 8 256 8zm-11.49 120h22.979c6.823 0 12.274 5.682 11.99 12.5l-7 168c-.268 6.428-5.556 11.5-11.99 11.5h-8.979c-6.433 0-11.722-5.073-11.99-11.5l-7-168c-.283-6.818 5.167-12.5 11.99-12.5zM256 340c-15.464 0-28 12.536-28 28s12.536 28 28 28 28-12.536 28-28-12.536-28-28-28z\" \/>\r\n        <\/svg>\r\n        <span class=\"sib-form-message-panel__inner-text\">\r\n                          Deine Anmeldung konnte nicht gespeichert werden. Bitte versuche es erneut.\r\n                      <\/span>\r\n      <\/div>\r\n    <\/div>\r\n    <div><\/div>\r\n    <div id=\"success-message\" class=\"sib-form-message-panel\" style=\"font-size:16px; text-align:left; font-family:Helvetica, sans-serif; color:#085229; background-color:#e7faf0; border-radius:3px; border-color:#13ce66;max-width:540px;\">\r\n      <div class=\"sib-form-message-panel__text sib-form-message-panel__text--center\">\r\n        <svg viewBox=\"0 0 512 512\" class=\"sib-icon sib-notification__icon\">\r\n          <path d=\"M256 8C119.033 8 8 119.033 8 256s111.033 248 248 248 248-111.033 248-248S392.967 8 256 8zm0 464c-118.664 0-216-96.055-216-216 0-118.663 96.055-216 216-216 118.664 0 216 96.055 216 216 0 118.663-96.055 216-216 216zm141.63-274.961L217.15 376.071c-4.705 4.667-12.303 4.637-16.97-.068l-85.878-86.572c-4.667-4.705-4.637-12.303.068-16.97l8.52-8.451c4.705-4.667 12.303-4.637 16.97.068l68.976 69.533 163.441-162.13c4.705-4.667 12.303-4.637 16.97.068l8.451 8.52c4.668 4.705 4.637 12.303-.068 16.97z\" \/>\r\n        <\/svg>\r\n        <span class=\"sib-form-message-panel__inner-text\">\r\n                          Yay! \ud83c\udf89 Deine Anmeldung war erfolgreich!\r\n                      <\/span>\r\n      <\/div>\r\n    <\/div>\r\n    <div><\/div>\r\n    <div id=\"sib-container\" class=\"sib-container--large sib-container--vertical\" style=\"text-align:center; background-color:rgba(240,249,250,1); max-width:540px; border-radius:4px; border-width:1px; border-color:#94ced7; border-style:solid; direction:ltr\">\r\n      <form id=\"sib-form\" method=\"POST\" action=\"https:\/\/8f2a960f.sibforms.com\/serve\/MUIFAPREBWqRipwwz5WPtMpM7ytZcEygg5zD3HsegqW5SoIHFzlWMl2m3Tu3OiLhcVWIQARlsSHMLaNd1ycgW0cC3DBd_HMJues-ciS6o7zupWERKYdnCEjYOCoocmWMV2MnbG-7AsvYjZlTXhAjvVnqgRWhCqE2l_e8Vf3Z5bL6VA8jZ_0U7chdn53eS5V4bz9FS1VKQ1Salj6x\" data-type=\"subscription\">\r\n        <div style=\"padding: 8px 0;\">\r\n          <div class=\"sib-form-block sib-image-form-block\" style=\"text-align: center\">\r\n            <img src=\"https:\/\/img.mailinblue.com\/3457704\/images\/content_library\/original\/67a9d97298a7a4d30d1cfb14.jpeg\" style=\"width: 383px;height: 300px;\" alt=\"\" title=\"\" \/>\r\n          <\/div>\r\n        <\/div>\r\n        <div style=\"padding: 8px 0;\">\r\n          <div class=\"sib-form-block\" style=\"font-size:24px; text-align:left; font-weight:700; font-family:Helvetica, sans-serif; color:#3C4858; background-color:transparent; text-align:left\">\r\n            <p>Hole dir Vorlagen zum Ausdrucken<\/p>\r\n          <\/div>\r\n        <\/div>\r\n        <div style=\"padding: 8px 0;\">\r\n          <div class=\"sib-form-block\" style=\"font-size:16px; text-align:left; font-family:Helvetica, sans-serif; color:#3C4858; background-color:transparent; text-align:left\">\r\n            <div class=\"sib-text-form-block\">\r\n              <p>Du m\u00f6chtest die Mottoparty-Vorlagen zum Ausmalen oder f\u00fcr Muffin Picker ausdrucken? F\u00fclle das Formular aus. Danach erh\u00e4ltst du meinen bitte.kaufen-Letter \ud83d\udc8c.<\/p>\r\n            <\/div>\r\n          <\/div>\r\n        <\/div>\r\n        <div style=\"padding: 8px 0;\">\r\n          <div class=\"sib-input sib-form-block\">\r\n            <div class=\"form__entry entry_block\">\r\n              <div class=\"form__label-row \">\r\n                <label class=\"entry__label\" style=\"font-weight: 700; text-align:left; font-size:16px; text-align:left; font-weight:700; font-family:Helvetica, sans-serif; color:#3c4858;\" for=\"VORNAME\" data-required=\"*\">Gib deinen Vornamen ein<\/label>\r\n\r\n                <div class=\"entry__field\">\r\n                  <input class=\"input \" maxlength=\"200\" type=\"text\" id=\"VORNAME\" name=\"VORNAME\" autocomplete=\"off\" placeholder=\"Dein Vorname\" data-required=\"true\" required \/>\r\n                <\/div>\r\n              <\/div>\r\n\r\n              <label class=\"entry__error entry__error--primary\" style=\"font-size:16px; text-align:left; font-family:Helvetica, sans-serif; color:#661d1d; background-color:#ffeded; border-radius:3px; border-color:#ff4949;\">\r\n              <\/label>\r\n            <\/div>\r\n          <\/div>\r\n        <\/div>\r\n        <div style=\"padding: 8px 0;\">\r\n          <div class=\"sib-input sib-form-block\">\r\n            <div class=\"form__entry entry_block\">\r\n              <div class=\"form__label-row \">\r\n                <label class=\"entry__label\" style=\"font-weight: 700; text-align:left; font-size:16px; text-align:left; font-weight:700; font-family:Helvetica, sans-serif; color:#3c4858;\" for=\"EMAIL\" data-required=\"*\">Gib deine E-Mail-Adresse hier ein:<\/label>\r\n\r\n                <div class=\"entry__field\">\r\n                  <input class=\"input \" type=\"text\" id=\"EMAIL\" name=\"EMAIL\" autocomplete=\"off\" placeholder=\"Deine E-Mail-Adresse\" data-required=\"true\" required \/>\r\n                <\/div>\r\n              <\/div>\r\n\r\n              <label class=\"entry__error entry__error--primary\" style=\"font-size:16px; text-align:left; font-family:Helvetica, sans-serif; color:#661d1d; background-color:#ffeded; border-radius:3px; border-color:#ff4949;\">\r\n              <\/label>\r\n            <\/div>\r\n          <\/div>\r\n        <\/div>\r\n        <div style=\"padding: 8px 0;\">\r\n          <div class=\"sib-form-block\" style=\"text-align: left\">\r\n            <button class=\"sib-form-block__button sib-form-block__button-with-loader\" style=\"font-size:16px; text-align:left; font-weight:700; font-family:Helvetica, sans-serif; color:#FFFFFF; background-color:#2a718c; border-radius:3px; border-width:0px;\" form=\"sib-form\" type=\"submit\">\r\n              <svg class=\"icon clickable__icon progress-indicator__icon sib-hide-loader-icon\" viewBox=\"0 0 512 512\">\r\n                <path d=\"M460.116 373.846l-20.823-12.022c-5.541-3.199-7.54-10.159-4.663-15.874 30.137-59.886 28.343-131.652-5.386-189.946-33.641-58.394-94.896-95.833-161.827-99.676C261.028 55.961 256 50.751 256 44.352V20.309c0-6.904 5.808-12.337 12.703-11.982 83.556 4.306 160.163 50.864 202.11 123.677 42.063 72.696 44.079 162.316 6.031 236.832-3.14 6.148-10.75 8.461-16.728 5.01z\" \/>\r\n              <\/svg>\r\n              Ja, ich will die Vorlagen haben!\r\n            <\/button>\r\n          <\/div>\r\n        <\/div>\r\n        <div style=\"padding: 8px 0;\">\r\n          <div class=\"g-recaptcha\" data-sitekey=\"6Le6A9wqAAAAADpkEqn8jccTfO9RyDcWgWv5rfqy\" data-callback=\"invisibleCaptchaCallback\" data-size=\"invisible\" onclick=\"executeCaptcha\"><\/div>\r\n        <\/div>\r\n        <div style=\"padding: 8px 0;\">\r\n          <div class=\"sib-form-block sib-divider-form-block\">\r\n            <div style=\"border: 0; border-bottom: 1px solid #E5EDF6\"><\/div>\r\n          <\/div>\r\n        <\/div>\r\n\r\n        <input type=\"text\" name=\"email_address_check\" value=\"\" class=\"input--hidden\">\r\n        <input type=\"hidden\" name=\"locale\" value=\"de\">\r\n      <\/form>\r\n    <\/div>\r\n  <\/div>\r\n<\/div>\r\n<!-- END - We recommend to place the above code where you want the form in your website html  -->\r\n\r\n<!-- START - We recommend to place the below code in footer or bottom of your website html  -->\r\n<script>\r\n  window.REQUIRED_CODE_ERROR_MESSAGE = 'W\u00e4hle bitte einen L\u00e4ndervorwahl aus.';\r\n  window.LOCALE = 'de';\r\n  window.EMAIL_INVALID_MESSAGE = window.SMS_INVALID_MESSAGE = \"Die eingegebenen Informationen sind nicht g\u00fcltig. Bitte \u00fcberpr\u00fcfe die Felder und versuche es erneut.\";\r\n\r\n  window.REQUIRED_ERROR_MESSAGE = \"Dieses Feld darf nicht leer sein. \";\r\n\r\n  window.GENERIC_INVALID_MESSAGE = \"Die eingegebenen Informationen sind nicht g\u00fcltig. Bitte \u00fcberpr\u00fcfe die Felder und versuche es erneut.\";\r\n\r\n\r\n\r\n\r\n  window.translation = {\r\n    common: {\r\n      selectedList: '{quantity} Liste ausgew\u00e4hlt',\r\n      selectedLists: '{quantity} Listen ausgew\u00e4hlt',\r\n      selectedOption: '{quantity} ausgew\u00e4hlt',\r\n      selectedOptions: '{quantity} ausgew\u00e4hlt',\r\n    }\r\n  };\r\n\r\n  var AUTOHIDE = Boolean(0);\r\n<\/script>\r\n\r\n<script defer src=\"https:\/\/sibforms.com\/forms\/end-form\/build\/main.js\"><\/script>\r\n\r\n<script src=\"https:\/\/www.google.com\/recaptcha\/api.js?hl=de\"><\/script>\r\n\r\n<!-- END - We recommend to place the above code in footer or bottom of your website html  -->\r\n<!-- End Brevo Form --><\/div>\n\n\n\n<p>Bin ich da, darf nur ich ihn tr\u00f6sten, stillen ohnehin. Doch irgendwann hatte ich genug von der Babyzeit. Den S\u00f6hnen endlich beim Laufen zuzusehen und die ersten Worte zu h\u00f6ren, das w\u00e4r's doch! Weg von dem Geschrei, das ich nicht unterscheiden kann und hin zu n\u00e4chtlichem Durchschlafen!<\/p>\n\n\n\n<p>Ist die Babyzeit wirklich die sch\u00f6nste?<\/p>\n\n\n<div class=\"wp-block-image size-full wp-image-4756\">\n<figure class=\"aligncenter\"><img decoding=\"async\" width=\"700\" height=\"525\" src=\"https:\/\/bitte.kaufen\/magazin\/wp-content\/uploads\/2016\/02\/schoenste-alter-kinder-mamaskind.jpg\" alt=\"schoenste-alter-kinder-mamaskind\" class=\"wp-image-4756\" srcset=\"https:\/\/bitte.kaufen\/magazin\/wp-content\/uploads\/2016\/02\/schoenste-alter-kinder-mamaskind.jpg 700w, https:\/\/bitte.kaufen\/magazin\/wp-content\/uploads\/2016\/02\/schoenste-alter-kinder-mamaskind-300x225.jpg 300w\" sizes=\"(max-width: 700px) 100vw, 700px\" \/><figcaption class=\"wp-element-caption\">Das sch\u00f6nste Alter: Babyzeit, Kleinkindzeit oder Schulalter?<\/figcaption><\/figure>\n<\/div>\n\n\n<h2 class=\"wp-block-heading\" id=\"h-die-kleinkindzeit-ist-am-sch-nsten\">Die Kleinkindzeit ist am sch\u00f6nsten!<\/h2>\n\n\n\n<p>Na bitte! Beide S\u00f6hne liefen als Kleinkinder und sprachen die ersten Worte mit ca. 14 Monaten.<\/p><div id=\"mamas-3868303428\" class=\"mamas-inhalt-3 mamas-entity-placement\" style=\"margin-top: 60px;margin-right: 10px;margin-bottom: 60px;margin-left: 10px;\"><h3 class=\"p1\">Du willst stressfreier schenken?<\/h3>\n<p class=\"p1\">Dann hole dir unsere <a title=\"kostenlose Wunschzettel-App bitte.kaufen\" href=\"https:\/\/bitte.kaufen\/magazin\/wunschzettel-app-ios-android\/?utm_source=blog&amp;utm_medium=banner&amp;utm_campaign=app&amp;utm_content=wz-app-bilder\" target=\"_blank\">kostenlose Wunschzettel-App bitte.kaufen<\/a>\u00a0(\u2b05\ufe0f Downloads)<\/p>\n<p><a href=\"https:\/\/bitte.kaufen\/magazin\/wunschzettel-app-ios-android\/?utm_source=blog&amp;utm_medium=banner&amp;utm_campaign=app&amp;utm_content=wz-app-bilder\" target=\"_blank\"><br \/>\n  <img decoding=\"async\" width=\"1120\" height=\"630\" \n    class=\"alignnone wp-image-30702 size-full\" \n    title=\"Wunschlisten-App bitte.kaufen Download\" \n    src=\"https:\/\/bitte.kaufen\/magazin\/wp-content\/uploads\/2025\/04\/banner-blau-wunschlisten-app-bitte-kaufen-gratis.png\" \n    alt=\"Wunschlisten-App bitte.kaufen Download\" \n    style=\"width: 100%; height: auto; max-width: 100%;\" srcset=\"https:\/\/bitte.kaufen\/magazin\/wp-content\/uploads\/2025\/04\/banner-blau-wunschlisten-app-bitte-kaufen-gratis.png 1120w, https:\/\/bitte.kaufen\/magazin\/wp-content\/uploads\/2025\/04\/banner-blau-wunschlisten-app-bitte-kaufen-gratis-300x169.png 300w, https:\/\/bitte.kaufen\/magazin\/wp-content\/uploads\/2025\/04\/banner-blau-wunschlisten-app-bitte-kaufen-gratis-480x270.png 480w\" sizes=\"(max-width: 1120px) 100vw, 1120px\" \/><br \/>\n<\/a><\/p>\n<\/div>\n\n\n\n<p>Ok, der Kleine l\u00e4sst sich auch mit 19 Monaten sehr viel Zeit mit dem Sprechen. <\/p>\n\n\n\n<p>Egal. Doch die Zeit ist so sch\u00f6n! Die Kinder reagieren auf mich, sie spielen einfach los, finden schnell Freundschaften im Sandkasten, ahmen nach, lernen, mit Besteck umzugehen und sehen einfach zuckers\u00fc\u00df aus!<\/p>\n\n\n\n<figure class=\"wp-block-image size-full\"><img decoding=\"async\" width=\"1200\" height=\"900\" src=\"https:\/\/bitte.kaufen\/magazin\/wp-content\/uploads\/2019\/12\/playmobil-weihnachtsbaum-mamaskind-1.jpg\" alt=\"P\u00fcppiline, Playmobil und die Tomatenso\u00dfe. Womit Kleinkinder eben so spielen.\" class=\"wp-image-17579\" srcset=\"https:\/\/bitte.kaufen\/magazin\/wp-content\/uploads\/2019\/12\/playmobil-weihnachtsbaum-mamaskind-1.jpg 1200w, https:\/\/bitte.kaufen\/magazin\/wp-content\/uploads\/2019\/12\/playmobil-weihnachtsbaum-mamaskind-1-300x225.jpg 300w, https:\/\/bitte.kaufen\/magazin\/wp-content\/uploads\/2019\/12\/playmobil-weihnachtsbaum-mamaskind-1-500x375.jpg 500w, https:\/\/bitte.kaufen\/magazin\/wp-content\/uploads\/2019\/12\/playmobil-weihnachtsbaum-mamaskind-1-700x525.jpg 700w\" sizes=\"(max-width: 1200px) 100vw, 1200px\" \/><figcaption class=\"wp-element-caption\">P\u00fcppiline, Playmobil und die Tomatenso\u00dfe. Womit Kleinkinder eben so spielen.<\/figcaption><\/figure>\n\n\n\n<p>Diese kleinen nackten&nbsp;Beinchen auf dem Parkett - tap tap tap -, das tapsige Streicheln der Katzen, die echte Freude, die sie zeigen, wenn man zur T\u00fcr eintritt: Kleinkinder sind wunderbar. <\/p>\n\n\n\n<p>Doch irgendwann ist man ratlos: wie helfe ich meinem Kind, das sich selbst anziehen will, es aber noch nicht schafft, w\u00e4hrend wir es eilig haben? Vor allem mit zwei Kindern bin ich da schon mal genervt. <\/p>\n\n\n\n<p>Okay, die Kleinkindzeit ist toll, w\u00e4ren da nicht diese <strong>vollkommen anstrengenden Phasen<\/strong>. Und der Gro\u00dfe im Schulalter ist schon so selbstst\u00e4ndig ...<\/p>\n\n\n\n<h2 class=\"wp-block-heading\">W\u00fcnsche klar kommunizieren<\/h2>\n\n\n\n<p class=\"has-background\" style=\"background-color:#f7f8ee\"><strong>Tipp:<\/strong> Fange schon in der Kleinkindzeit an, eine <a href=\"https:\/\/bitte.kaufen\">digitale Wunschliste wie bitte.kaufen<\/a> zu f\u00fchren. Damit werden wirklich nur die W\u00fcnsche erf\u00fcllt, die auf der Liste stehen. Oma und Opa k\u00f6nnen W\u00fcnsche \u2764\ufe0ferf\u00fcllen (online oder offline einkaufen) und den Wunsch als gekauft kennzeichnen. <\/p><div id=\"mamas-3034142987\" class=\"mamas-inhalt-2 mamas-entity-placement\" style=\"margin-top: 60px;margin-right: 10px;margin-bottom: 60px;margin-left: 10px;\"><p>&nbsp;<\/p>\n<h3 class=\"p1\">Du m\u00f6chtest doppelte Geschenke vermeiden?<\/h3>\n<p class=\"p1\">Dann hole dir unsere <a title=\"kostenlose Wunschzettel-App bitte.kaufen\" href=\"https:\/\/bitte.kaufen\/magazin\/wunschzettel-app-ios-android\/?utm_source=blog&amp;utm_medium=banner&amp;utm_campaign=app&amp;utm_content=wz-app-bilder\" target=\"_blank\" rel=\"noopener\">gratis Wunschlisten-App bitte.kaufen<\/a>\u00a0(\u2b05\ufe0f Downloads)<\/p>\n<p><a href=\"https:\/\/bitte.kaufen\/magazin\/wunschzettel-app-ios-android\/?utm_source=blog&amp;utm_medium=banner&amp;utm_campaign=app&amp;utm_content=wz-app-bilder\" target=\"_blank\"><br \/>\n  <img decoding=\"async\" width=\"1120\" height=\"630\" \n    class=\"wp-image-30703 size-full\" \n    title=\"Wunschlisten-App bitte.kaufen herunterladen\" \n    src=\"https:\/\/bitte.kaufen\/magazin\/wp-content\/uploads\/2025\/04\/banner-gelb-wunschlisten-app-bitte-kaufen-kein-geschenk-doppelt.png\" \n    alt=\"Wunschlisten-App bitte.kaufen herunterladen\" \n    style=\"width: 100%; height: auto; max-width: 100%;\" srcset=\"https:\/\/bitte.kaufen\/magazin\/wp-content\/uploads\/2025\/04\/banner-gelb-wunschlisten-app-bitte-kaufen-kein-geschenk-doppelt.png 1120w, https:\/\/bitte.kaufen\/magazin\/wp-content\/uploads\/2025\/04\/banner-gelb-wunschlisten-app-bitte-kaufen-kein-geschenk-doppelt-300x169.png 300w, https:\/\/bitte.kaufen\/magazin\/wp-content\/uploads\/2025\/04\/banner-gelb-wunschlisten-app-bitte-kaufen-kein-geschenk-doppelt-480x270.png 480w\" sizes=\"(max-width: 1120px) 100vw, 1120px\" \/><br \/>\n<\/a><\/p>\n<\/div>\n\n\n\n<p>So gibt es keine Doppelk\u00e4ufe mehr und das Kinderzimmer ist gef\u00fcllt mit Dingen, die sich deine Kinder und ihr als Eltern wirklich w\u00fcnscht.<\/p>\n\n\n\n<div class=\"wp-block-group\"><div class=\"wp-block-group__inner-container is-layout-constrained wp-block-group-is-layout-constrained\">\n<p><strong>Lade dir die bitte.kaufen-Wunschzettel-App herunter<\/strong> (Klicke auf die Buttons!)<\/p>\n\n\n\n<figure class=\"wp-block-image size-full is-resized\"><a href=\"https:\/\/apps.apple.com\/de\/app\/bitte-kaufen-mein-wunschzettel\/id1550997406\" target=\"_blank\" rel=\"noreferrer noopener\"><img decoding=\"async\" width=\"374\" height=\"125\" src=\"https:\/\/bitte.kaufen\/magazin\/wp-content\/uploads\/2024\/02\/ios-app-bitte-kaufen-wunschzettel.png\" alt=\"bitte.kaufen-Wunschzettel-App im iOS App-Store\" class=\"wp-image-27467\" style=\"width:200px\" srcset=\"https:\/\/bitte.kaufen\/magazin\/wp-content\/uploads\/2024\/02\/ios-app-bitte-kaufen-wunschzettel.png 374w, https:\/\/bitte.kaufen\/magazin\/wp-content\/uploads\/2024\/02\/ios-app-bitte-kaufen-wunschzettel-300x100.png 300w\" sizes=\"(max-width: 374px) 100vw, 374px\" \/><\/a><\/figure>\n\n\n\n<figure class=\"wp-block-image size-full is-resized\"><a href=\"https:\/\/play.google.com\/store\/apps\/details?id=com.depold.bittekaufen&amp;hl=de&amp;gl=DE\" target=\"_blank\" rel=\"noreferrer noopener\"><img decoding=\"async\" width=\"646\" height=\"250\" src=\"https:\/\/bitte.kaufen\/magazin\/wp-content\/uploads\/2024\/02\/android-app-bitte-kaufen-wunschzettel.png\" alt=\"bitte.kaufen-Wunschzettel-App im Android Play Store\" class=\"wp-image-27466\" style=\"width:200px\" srcset=\"https:\/\/bitte.kaufen\/magazin\/wp-content\/uploads\/2024\/02\/android-app-bitte-kaufen-wunschzettel.png 646w, https:\/\/bitte.kaufen\/magazin\/wp-content\/uploads\/2024\/02\/android-app-bitte-kaufen-wunschzettel-300x116.png 300w\" sizes=\"(max-width: 646px) 100vw, 646px\" \/><\/a><\/figure>\n<\/div><\/div>\n\n\n\n<h2 class=\"wp-block-heading\" id=\"h-das-schulalter-ist-am-sch-nsten\">Das Schulalter ist am sch\u00f6nsten!<\/h2>\n\n\n\n<p>Manchmal \u00fcberkommt mich der Stolz, wenn mein gro\u00dfer Sohn mit 5 (fast 6) Jahren Kinderkreuzwortr\u00e4tsel l\u00f6st, kreative Experimente (wuah, meine K\u00fcche!) macht, am PC Minecraft zockt, darauf Buchstaben tippt oder Matheaufgaben l\u00f6st (alles freiwillig). <\/p>\n\n\n\n<ul class=\"wp-block-list\">\n<li><a href=\"https:\/\/bitte.kaufen\/magazin\/minecraft-party-kindergeburtstag-deko-spiele-kuchen\/\">Minecraft-Mottoparty<\/a><\/li>\n\n\n\n<li><a href=\"https:\/\/bitte.kaufen\/magazin\/minecraft-erklaert\/\" data-type=\"post\" data-id=\"24020\">Minecraft f\u00fcr Eltern erkl\u00e4rt<\/a><\/li>\n<\/ul>\n\n\n\n<p>Ich liebe seine bunten&nbsp;Bilder, seine Liebe f\u00fcr Basteleien und Sandk\u00e4sten und sein Faible f\u00fcr H\u00f6rspiele. Mit ihm kann man stundenlang B\u00fccher lesen und auch \u00fcber diese reden.<\/p>\n\n\n\n<p>Er nimmt sich gro\u00dfe Dinge vor, will nach seinem bestandenen Seepferdchen nun auch den Seer\u00e4uber und das Bronze-Abzeichen verdienen. Und das wird er auch. <\/p>\n\n\n\n<figure class=\"wp-block-image size-full\"><img decoding=\"async\" width=\"900\" height=\"675\" src=\"https:\/\/bitte.kaufen\/magazin\/wp-content\/uploads\/2020\/06\/steckbrief-schule-ausfuellen-mamaskind.jpg\" alt=\"Sohn 2.0 sitzt ganz eifrig \u00fcber seinem Steckbrief f\u00fcr seine zuk\u00fcnftige Klassenlehrerin. - bitte.kaufen\" class=\"wp-image-18614\" srcset=\"https:\/\/bitte.kaufen\/magazin\/wp-content\/uploads\/2020\/06\/steckbrief-schule-ausfuellen-mamaskind.jpg 900w, https:\/\/bitte.kaufen\/magazin\/wp-content\/uploads\/2020\/06\/steckbrief-schule-ausfuellen-mamaskind-300x225.jpg 300w, https:\/\/bitte.kaufen\/magazin\/wp-content\/uploads\/2020\/06\/steckbrief-schule-ausfuellen-mamaskind-500x375.jpg 500w, https:\/\/bitte.kaufen\/magazin\/wp-content\/uploads\/2020\/06\/steckbrief-schule-ausfuellen-mamaskind-700x525.jpg 700w\" sizes=\"(max-width: 900px) 100vw, 900px\" \/><figcaption class=\"wp-element-caption\">Sohn 2.0 sitzt ganz eifrig \u00fcber seinem Steckbrief f\u00fcr seine zuk\u00fcnftige Klassenlehrerin.<\/figcaption><\/figure>\n\n\n\n<p>Er freut sich mindestens so sehr auf den <a href=\"https:\/\/bitte.kaufen\/magazin\/was-kommt-in-schultuete-basteln\/\" data-type=\"post\" data-id=\"5964\">Schulanfang<\/a> wie ich, auch wenn ich mir nicht sicher bin, ob er damit auch das Ende seiner sehr sch\u00f6nen Kita-Zeit assoziiert. Freunde zur\u00fccklassen, neue finden und hoffentlich mit alten Freunden in derselben Klasse starten. <\/p>\n\n\n\n<p>Sch\u00f6n ist auch, dass er klar kommunizieren kann, was ihm gef\u00e4llt oder missf\u00e4llt. Er argumentiert so gut, dass ich ich oft ins Stocken komme und selbst dar\u00fcber nachdenke, was ich denn nun will. Konsequent (antik) sein oder kindbezogen und damit gemeinsame L\u00f6sungen in unseren Diskussionen finden. Ohne Meckern. Daran arbeite ich noch.<\/p>\n\n\n\n<h2 class=\"wp-block-heading\">Die Teenager-Zeit ist die sch\u00f6nste Zeit!<\/h2>\n\n\n\n<p>Wie du merkst, hat jede Zeit Vor- und Nachteile. Mit inzwischen drei Kindern hat eins bereits <a href=\"https:\/\/bitte.kaufen\/magazin\/jugendweihe-feiern\/\" data-type=\"post\" data-id=\"27998\">Jugendweihe zu Hause gefeiert<\/a>.<\/p>\n\n\n\n<figure class=\"wp-block-image size-full\"><img decoding=\"async\" width=\"1200\" height=\"900\" src=\"https:\/\/bitte.kaufen\/magazin\/wp-content\/uploads\/2024\/04\/jugendweihe-feiern-zu-hause-bitte-kaufen.jpg\" alt=\"Anzug zur Jugendweihe - rosa und festlich - bitte.kaufen\" class=\"wp-image-27999\" srcset=\"https:\/\/bitte.kaufen\/magazin\/wp-content\/uploads\/2024\/04\/jugendweihe-feiern-zu-hause-bitte-kaufen.jpg 1200w, https:\/\/bitte.kaufen\/magazin\/wp-content\/uploads\/2024\/04\/jugendweihe-feiern-zu-hause-bitte-kaufen-300x225.jpg 300w, https:\/\/bitte.kaufen\/magazin\/wp-content\/uploads\/2024\/04\/jugendweihe-feiern-zu-hause-bitte-kaufen-500x375.jpg 500w\" sizes=\"(max-width: 1200px) 100vw, 1200px\" \/><figcaption class=\"wp-element-caption\">Anzug zur Jugendweihe - rosa und festlich<\/figcaption><\/figure>\n\n\n\n<p>Und auch das ist eine neue und aufregende Zeit f\u00fcr alle. Die Anzeichen zur Pubert\u00e4t kommen schnell. Die erste Freundin steht pl\u00f6tzlich im Haus.<\/p>\n\n\n\n<p>Es m\u00fcssen neue Regeln in der <a href=\"https:\/\/bitte.kaufen\/magazin\/erfahrungsbericht-familienkonferenz-gordon\/\" data-type=\"post\" data-id=\"11592\">Familienkonferenz<\/a> gefunden werden. Und mittendrin stecken wir Eltern mit drei Kindern in verschiedenen Altersgruppen.<\/p>\n\n\n\n<p>Fr\u00fcher war es der <a href=\"https:\/\/bitte.kaufen\/magazin\/leben-mehrere-kinder\/\" data-type=\"post\" data-id=\"10285\">Alltag mit Baby, Kita-Kind und Schulkind<\/a>. Heute ist es der mit Grundschul-Kind, einem Kind, das auf den Brief vom <a href=\"https:\/\/bitte.kaufen\/magazin\/kind-aufs-gymnasium-schicken-oder-nicht\/\" data-type=\"post\" data-id=\"14253\">Gymnasium<\/a> wartet und einem Teenager, der im Handball eine Jugend (2 Jahre) \u00fcbersprungen hat und nun in der A-Jugend spielt. as Leben ist aufregend - in jeder Altersklasse der Kinder.<\/p>\n\n\n\n<p>Und dennoch brauchen uns auch die Teenager noch. Wir sind da. <\/p>\n\n\n\n<div class=\"aawp\">\n\n            \n            \n<div class=\"aawp-product aawp-product--horizontal aawp-product--bestseller aawp-product--ribbon\"  data-aawp-product-asin=\"3453606450\" data-aawp-product-id=\"15111\" data-aawp-tracking-id=\"mamaskind-21\" data-aawp-product-title=\"Familienkonferenz  Die L\u00f6sung von Konflikten zwischen Eltern und Kind\" data-aawp-local-click-tracking=\"1\">\n\n    <span class=\"aawp-product__ribbon aawp-product__ribbon--bestseller\">Bestseller Nr. 1<\/span>\n    <div class=\"aawp-product__thumb\">\n        <a class=\"aawp-product__image-link\" href=\"https:\/\/www.amazon.de\/dp\/3453606450?tag=mamaskind-21&amp;linkCode=ogi&amp;th=1&amp;psc=1&amp;keywords=familienkonferenz\" title=\"Familienkonferenz: Die L\u00f6sung von Konflikten zwischen Eltern und Kind*\" rel=\"nofollow noopener sponsored\" target=\"_blank\">\n            <img decoding=\"async\" class=\"aawp-product__image\" src=\"https:\/\/m.media-amazon.com\/images\/I\/414Sa3iNYtL._SL160_.jpg\" alt=\"Familienkonferenz: Die L\u00f6sung von Konflikten zwischen Eltern und Kind\"  \/>\n        <\/a>\n\n            <\/div>\n\n    <div class=\"aawp-product__content\">\n        <a class=\"aawp-product__title\" href=\"https:\/\/www.amazon.de\/dp\/3453606450?tag=mamaskind-21&amp;linkCode=ogi&amp;th=1&amp;psc=1&amp;keywords=familienkonferenz\" title=\"Familienkonferenz: Die L\u00f6sung von Konflikten zwischen Eltern und Kind\" rel=\"nofollow noopener sponsored\" target=\"_blank\">\n            Familienkonferenz: Die L\u00f6sung von Konflikten zwischen Eltern und Kind*        <\/a>\n        <div class=\"aawp-product__description\">\n            <ul><li>Gordon, Thomas(Autor)<\/li><\/ul>        <\/div>\n    <\/div>\n\n    <div class=\"aawp-product__footer\">\n\n        <div class=\"aawp-product__pricing\">\n            \n                            <span class=\"aawp-product__price aawp-product__price--current\"><\/span>\n            \n                    <\/div>\n\n                <a class=\"aawp-button aawp-button--buy aawp-button aawp-button--amazon rounded aawp-button--icon aawp-button--icon-black\" href=\"https:\/\/www.amazon.de\/dp\/3453606450?tag=mamaskind-21&#038;linkCode=ogi&#038;th=1&#038;psc=1&#038;keywords=familienkonferenz\" title=\"Jetzt kaufen*\" target=\"_blank\" rel=\"nofollow noopener sponsored\">Jetzt kaufen*<\/a>\n            <\/div>\n\n<\/div>\n\n            \n            \n<div class=\"aawp-product aawp-product--horizontal aawp-product--bestseller aawp-product--ribbon\"  data-aawp-product-asin=\"3407869142\" data-aawp-product-id=\"15150\" data-aawp-tracking-id=\"mamaskind-21\" data-aawp-product-title=\"Lasst uns reden  Die Familienkonferenz Wo Klein und Gro\u00df zusammen wachsen\" data-aawp-local-click-tracking=\"1\">\n\n    <span class=\"aawp-product__ribbon aawp-product__ribbon--bestseller\">Bestseller Nr. 2<\/span>\n    <div class=\"aawp-product__thumb\">\n        <a class=\"aawp-product__image-link\" href=\"https:\/\/www.amazon.de\/dp\/3407869142?tag=mamaskind-21&amp;linkCode=ogi&amp;th=1&amp;psc=1&amp;keywords=familienkonferenz\" title=\"Lasst uns reden: Die Familienkonferenz. Wo Klein und Gro\u00df zusammen wachsen*\" rel=\"nofollow noopener sponsored\" target=\"_blank\">\n            <img decoding=\"async\" class=\"aawp-product__image\" src=\"https:\/\/m.media-amazon.com\/images\/I\/41TLAPgW7BL._SL160_.jpg\" alt=\"Lasst uns reden: Die Familienkonferenz. Wo Klein und Gro\u00df zusammen wachsen\"  \/>\n        <\/a>\n\n            <\/div>\n\n    <div class=\"aawp-product__content\">\n        <a class=\"aawp-product__title\" href=\"https:\/\/www.amazon.de\/dp\/3407869142?tag=mamaskind-21&amp;linkCode=ogi&amp;th=1&amp;psc=1&amp;keywords=familienkonferenz\" title=\"Lasst uns reden: Die Familienkonferenz. Wo Klein und Gro\u00df zusammen wachsen\" rel=\"nofollow noopener sponsored\" target=\"_blank\">\n            Lasst uns reden: Die Familienkonferenz. Wo Klein und Gro\u00df zusammen wachsen*        <\/a>\n        <div class=\"aawp-product__description\">\n            <ul><li>Elvarsd\u00f3ttir, Lou(Autor)<\/li><\/ul>        <\/div>\n    <\/div>\n\n    <div class=\"aawp-product__footer\">\n\n        <div class=\"aawp-product__pricing\">\n            \n                            <span class=\"aawp-product__price aawp-product__price--current\"><\/span>\n            \n                    <\/div>\n\n                <a class=\"aawp-button aawp-button--buy aawp-button aawp-button--amazon rounded aawp-button--icon aawp-button--icon-black\" href=\"https:\/\/www.amazon.de\/dp\/3407869142?tag=mamaskind-21&#038;linkCode=ogi&#038;th=1&#038;psc=1&#038;keywords=familienkonferenz\" title=\"Jetzt kaufen*\" target=\"_blank\" rel=\"nofollow noopener sponsored\">Jetzt kaufen*<\/a>\n            <\/div>\n\n<\/div>\n\n            \n            \n<div class=\"aawp-product aawp-product--horizontal aawp-product--bestseller aawp-product--ribbon\"  data-aawp-product-asin=\"3453602331\" data-aawp-product-id=\"15136\" data-aawp-tracking-id=\"mamaskind-21\" data-aawp-product-title=\"Die Neue Familienkonferenz  Kinder erziehen ohne zu strafen\" data-aawp-local-click-tracking=\"1\">\n\n    <span class=\"aawp-product__ribbon aawp-product__ribbon--bestseller\">Bestseller Nr. 3<\/span>\n    <div class=\"aawp-product__thumb\">\n        <a class=\"aawp-product__image-link\" href=\"https:\/\/www.amazon.de\/dp\/3453602331?tag=mamaskind-21&amp;linkCode=ogi&amp;th=1&amp;psc=1&amp;keywords=familienkonferenz\" title=\"Die Neue Familienkonferenz: Kinder erziehen ohne zu strafen*\" rel=\"nofollow noopener sponsored\" target=\"_blank\">\n            <img decoding=\"async\" class=\"aawp-product__image\" src=\"https:\/\/m.media-amazon.com\/images\/I\/41ils-Zt6LL._SL160_.jpg\" alt=\"Die Neue Familienkonferenz: Kinder erziehen ohne zu strafen\"  \/>\n        <\/a>\n\n            <\/div>\n\n    <div class=\"aawp-product__content\">\n        <a class=\"aawp-product__title\" href=\"https:\/\/www.amazon.de\/dp\/3453602331?tag=mamaskind-21&amp;linkCode=ogi&amp;th=1&amp;psc=1&amp;keywords=familienkonferenz\" title=\"Die Neue Familienkonferenz: Kinder erziehen ohne zu strafen\" rel=\"nofollow noopener sponsored\" target=\"_blank\">\n            Die Neue Familienkonferenz: Kinder erziehen ohne zu strafen*        <\/a>\n        <div class=\"aawp-product__description\">\n            <ul><li>Gordon, Thomas(Autor)<\/li><\/ul>        <\/div>\n    <\/div>\n\n    <div class=\"aawp-product__footer\">\n\n        <div class=\"aawp-product__pricing\">\n            \n                            <span class=\"aawp-product__price aawp-product__price--current\"><\/span>\n            \n                    <\/div>\n\n                <a class=\"aawp-button aawp-button--buy aawp-button aawp-button--amazon rounded aawp-button--icon aawp-button--icon-black\" href=\"https:\/\/www.amazon.de\/dp\/3453602331?tag=mamaskind-21&#038;linkCode=ogi&#038;th=1&#038;psc=1&#038;keywords=familienkonferenz\" title=\"Jetzt kaufen*\" target=\"_blank\" rel=\"nofollow noopener sponsored\">Jetzt kaufen*<\/a>\n            <\/div>\n\n<\/div>\n\n            \n            \n<div class=\"aawp-product aawp-product--horizontal aawp-product--bestseller aawp-product--ribbon\"  data-aawp-product-asin=\"345360234X\" data-aawp-product-id=\"15137\" data-aawp-tracking-id=\"mamaskind-21\" data-aawp-product-title=\"Familienkonferenz in der Praxis  Wie Konflikte mit Kindern gel\u00f6st werden\" data-aawp-local-click-tracking=\"1\">\n\n    <span class=\"aawp-product__ribbon aawp-product__ribbon--bestseller\">Bestseller Nr. 4<\/span>\n    <div class=\"aawp-product__thumb\">\n        <a class=\"aawp-product__image-link\" href=\"https:\/\/www.amazon.de\/dp\/345360234X?tag=mamaskind-21&amp;linkCode=ogi&amp;th=1&amp;psc=1&amp;keywords=familienkonferenz\" title=\"Familienkonferenz in der Praxis: Wie Konflikte mit Kindern gel\u00f6st werden*\" rel=\"nofollow noopener sponsored\" target=\"_blank\">\n            <img decoding=\"async\" class=\"aawp-product__image\" src=\"https:\/\/m.media-amazon.com\/images\/I\/51qzyh1OrRL._SL160_.jpg\" alt=\"Familienkonferenz in der Praxis: Wie Konflikte mit Kindern gel\u00f6st werden\"  \/>\n        <\/a>\n\n            <\/div>\n\n    <div class=\"aawp-product__content\">\n        <a class=\"aawp-product__title\" href=\"https:\/\/www.amazon.de\/dp\/345360234X?tag=mamaskind-21&amp;linkCode=ogi&amp;th=1&amp;psc=1&amp;keywords=familienkonferenz\" title=\"Familienkonferenz in der Praxis: Wie Konflikte mit Kindern gel\u00f6st werden\" rel=\"nofollow noopener sponsored\" target=\"_blank\">\n            Familienkonferenz in der Praxis: Wie Konflikte mit Kindern gel\u00f6st werden*        <\/a>\n        <div class=\"aawp-product__description\">\n            <ul><li>Gordon, Thomas(Autor)<\/li><\/ul>        <\/div>\n    <\/div>\n\n    <div class=\"aawp-product__footer\">\n\n        <div class=\"aawp-product__pricing\">\n            \n                            <span class=\"aawp-product__price aawp-product__price--current\"><\/span>\n            \n                    <\/div>\n\n                <a class=\"aawp-button aawp-button--buy aawp-button aawp-button--amazon rounded aawp-button--icon aawp-button--icon-black\" href=\"https:\/\/www.amazon.de\/dp\/345360234X?tag=mamaskind-21&#038;linkCode=ogi&#038;th=1&#038;psc=1&#038;keywords=familienkonferenz\" title=\"Jetzt kaufen*\" target=\"_blank\" rel=\"nofollow noopener sponsored\">Jetzt kaufen*<\/a>\n            <\/div>\n\n<\/div>\n\n    \n<\/div>\n<p class=\"aawp-disclaimer\">Letzte Aktualisierung am 10.04.2026 \/ *Werbelinks \/ Bilder von der Amazon Product Advertising API<\/p>\n\n\n<h2 class=\"wp-block-heading\">Welches Kinderalter ist das sch\u00f6nste?<\/h2>\n\n\n\n<p>Kinder aufwachsen sehen z\u00e4hlt!<\/p>\n\n\n\n<p>Es war klar, wie das Fazit ausfallen muss: Jede Zeit hat ihre sch\u00f6nen und anstrengenden Seiten. <\/p>\n\n\n\n<p>Noch einmal den Duft des Babys schnuppern, die ersten Stunden nach der Geburt erleben, sehen, wie sie ihre ersten Schritte machen oder stolz das Ger\u00fcst hochklettern.<\/p>\n\n\n\n<p>So viele erste Momente, aber auch sch\u00f6ne Spielstunden, die man nicht vergessen will und hoffentlich auch nicht vergessen wird. <\/p>\n\n\n\n<p><strong>Ich sehe meinen Kindern beim Aufwachsen zu<\/strong>, begleite sie durch viele Etappen wie Tagesmutter, Kita und auch die Schule, die neue Herausforderungen mit sich bringen wird.<\/p>\n\n\n\n<p>Gemeinsam mit meinem Mann bin ich f\u00fcr unsere S\u00f6hne und unsere Tochter da. Wir schauen zu, sehen nach vorn, genie\u00dfen und machen mit. Familienleben.<\/p>\n<div id=\"mamas-3705718937\" class=\"mamas-nach-dem-inhalt mamas-entity-placement\" style=\"margin-top: 10px;margin-right: 10px;margin-bottom: 10px;margin-left: 10px;\"><a data-no-instant=\"1\" href=\"https:\/\/bitte.kaufen\/magazin\/wunschzettel-app-ios-android\/?utm_source=blog&#038;utm_medium=banner&#038;utm_campaign=app&#038;utm_content=wz-app-bilder\" rel=\"noopener\" class=\"a2t-link\" target=\"_blank\" aria-label=\"Kostenlos &amp; ohne Werbebanner: Wunschzettel-App bitte.kaufen\"><img src=\"https:\/\/bitte.kaufen\/magazin\/wp-content\/uploads\/2022\/10\/wunschzettel-app-download.jpg\" alt=\"Kostenlos &amp; ohne Werbebanner: Wunschzettel-App bitte.kaufen\"  srcset=\"https:\/\/bitte.kaufen\/magazin\/wp-content\/uploads\/2022\/10\/wunschzettel-app-download.jpg 1200w, https:\/\/bitte.kaufen\/magazin\/wp-content\/uploads\/2022\/10\/wunschzettel-app-download-300x100.jpg 300w\" sizes=\"(max-width: 1200px) 100vw, 1200px\" width=\"750\"   \/><\/a><\/div>","protected":false},"excerpt":{"rendered":"<p>Tats\u00e4chlich erwische ich mich sehr oft beim Sagen dieses Satzes: \"Das ist das sch\u00f6nste Alter!\". Doch kann man das \u00fcberhaupt benennen? Gerade in der Kleinkindzeit entdeckt man immer mehr neue F\u00e4higkeiten des Nachwuchses. Das Kind krabbelt, irgendwann l\u00e4uft es und wirklich: es kommt der Tag, an dem es nicht mehr mit dem Sprechen aufh\u00f6rt. Doch [&hellip;]<\/p>\n","protected":false},"author":1,"featured_media":4756,"comment_status":"open","ping_status":"open","sticky":false,"template":"","format":"standard","meta":{"wprm-recipe-roundup-name":"","wprm-recipe-roundup-description":"","footnotes":""},"categories":[8],"tags":[],"class_list":["post-4755","post","type-post","status-publish","format-standard","has-post-thumbnail","hentry","category-familie"],"_links":{"self":[{"href":"https:\/\/bitte.kaufen\/magazin\/wp-json\/wp\/v2\/posts\/4755","targetHints":{"allow":["GET"]}}],"collection":[{"href":"https:\/\/bitte.kaufen\/magazin\/wp-json\/wp\/v2\/posts"}],"about":[{"href":"https:\/\/bitte.kaufen\/magazin\/wp-json\/wp\/v2\/types\/post"}],"author":[{"embeddable":true,"href":"https:\/\/bitte.kaufen\/magazin\/wp-json\/wp\/v2\/users\/1"}],"replies":[{"embeddable":true,"href":"https:\/\/bitte.kaufen\/magazin\/wp-json\/wp\/v2\/comments?post=4755"}],"version-history":[{"count":3,"href":"https:\/\/bitte.kaufen\/magazin\/wp-json\/wp\/v2\/posts\/4755\/revisions"}],"predecessor-version":[{"id":31475,"href":"https:\/\/bitte.kaufen\/magazin\/wp-json\/wp\/v2\/posts\/4755\/revisions\/31475"}],"wp:featuredmedia":[{"embeddable":true,"href":"https:\/\/bitte.kaufen\/magazin\/wp-json\/wp\/v2\/media\/4756"}],"wp:attachment":[{"href":"https:\/\/bitte.kaufen\/magazin\/wp-json\/wp\/v2\/media?parent=4755"}],"wp:term":[{"taxonomy":"category","embeddable":true,"href":"https:\/\/bitte.kaufen\/magazin\/wp-json\/wp\/v2\/categories?post=4755"},{"taxonomy":"post_tag","embeddable":true,"href":"https:\/\/bitte.kaufen\/magazin\/wp-json\/wp\/v2\/tags?post=4755"}],"curies":[{"name":"wp","href":"https:\/\/api.w.org\/{rel}","templated":true}]}}